{"id":247,"date":"2021-10-02T19:39:00","date_gmt":"2021-10-02T19:39:00","guid":{"rendered":"http:\/\/blog.emergesocial.org\/?p=247"},"modified":"2021-09-29T20:00:09","modified_gmt":"2021-09-29T20:00:09","slug":"crear-conciencia-sobre-la-violencia-a-traves-del-voluntariado","status":"publish","type":"post","link":"http:\/\/blog.emergesocial.org\/index.php\/2021\/10\/02\/crear-conciencia-sobre-la-violencia-a-traves-del-voluntariado\/","title":{"rendered":"Crear conciencia sobre la violencia a trav\u00e9s del voluntariado"},"content":{"rendered":"\n<p>La Organizaci\u00f3n de las Naciones Unidas, <strong>ONU<\/strong>, establece el <strong>2 de octubre de cada a\u00f1o como el D\u00eda Internacional de la No Violencia <\/strong>con el fin de crear conciencia sobre las situaciones de violencia que viven a diario muchas personas, grupos sociales y pa\u00edses enteros. Esta <strong>fecha fue designada en 2017<\/strong> por la asamblea de Naciones Unidas en honor al nacimiento de <strong>Mahatma Gandhi.\u00a0<\/strong><\/p>\n\n\n\n<p>Si bien a la fecha hay mucho que hacer en el campo del respeto y la no violencia, a\u00f1o con a\u00f1o se han venido generando campa\u00f1as en apoyo a la disminuci\u00f3n de conductas hostiles a nivel mundial; cada a\u00f1o aprendemos m\u00e1s sobre respeto y tolerancia, pues a lo largo de la historia de las civilizaciones se han venido normalizando acciones de odio y violencia en las sociedades.\u00a0<\/p>\n\n\n\n<div class=\"wp-block-image\"><figure class=\"aligncenter size-large\"><img loading=\"lazy\" width=\"512\" height=\"512\" src=\"http:\/\/blog.emergesocial.org\/wp-content\/uploads\/2021\/09\/noviolencia.jpeg\" alt=\"\" class=\"wp-image-249\" srcset=\"http:\/\/blog.emergesocial.org\/wp-content\/uploads\/2021\/09\/noviolencia.jpeg 512w, http:\/\/blog.emergesocial.org\/wp-content\/uploads\/2021\/09\/noviolencia-300x300.jpeg 300w, http:\/\/blog.emergesocial.org\/wp-content\/uploads\/2021\/09\/noviolencia-150x150.jpeg 150w\" sizes=\"(max-width: 512px) 100vw, 512px\" \/><\/figure><\/div>\n\n\n\n<p>El reto que tienen no s\u00f3lo la Naciones Unidas, sino todas las personas es <strong>detectar estas conductas violentas que han sido normalizadas <\/strong>y encontrar mecanismos de erradicaci\u00f3n, para as\u00ed crear un ambiente de respeto. Los grandes cambios comienzan en las primeras l\u00edneas del problema, es decir con nuestra persona.\u00a0 Hay que hacer introspecci\u00f3n y detectar qu\u00e9 comportamientos est\u00e1n afectando a otros, posteriormente comenzar a concientizar nuestros grupos personales, laborales y sociales, es por ello que te daremos una breve gu\u00eda de c\u00f3mo puedes crear una campa\u00f1a de erradicaci\u00f3n de violencia.\u00a0<\/p>\n\n\n\n<p><strong>1 Delimita el grupo de acci\u00f3n: <\/strong>Puedes comenzar con tu c\u00edrculo de amigos, escolar o laboral, de preferencia que sea un grupo con el que tengas contacto la mayor parte del tiempo ya que ser\u00e1 m\u00e1s f\u00e1cil explicarles tus puntos sobre la importancia de crear ambientes de convivencia sanos.\u00a0<\/p>\n\n\n\n<p><strong>2 Identifica las conductas de violencia: <\/strong>Una vez elegido nuestro grupo de acci\u00f3n debemos hacer una lista de las problem\u00e1ticas que analizaste, comportamientos violentos y actitudes, recuerda que hay muchos tipos de violencia, no siempre es f\u00edsica; ya que existe la violencia psicol\u00f3gica, econ\u00f3mica, laboral, sexual, etc.\u00a0<\/p>\n\n\n\n<p><strong>3 Comienza con charlas: <\/strong>Conversa primero a un nivel m\u00e1s personal, trata de hacerles ver con una charla casual cu\u00e1les son las problem\u00e1ticas que notas y explica las ventajas de evitar estas conductas violentas. Recuerda usar un lenguaje coloquial y respetuoso en todo momento.<\/p>\n\n\n\n<div class=\"wp-block-image\"><figure class=\"aligncenter size-large\"><img loading=\"lazy\" width=\"512\" height=\"512\" src=\"http:\/\/blog.emergesocial.org\/wp-content\/uploads\/2021\/09\/noviolencia2.jpeg\" alt=\"\" class=\"wp-image-250\" srcset=\"http:\/\/blog.emergesocial.org\/wp-content\/uploads\/2021\/09\/noviolencia2.jpeg 512w, http:\/\/blog.emergesocial.org\/wp-content\/uploads\/2021\/09\/noviolencia2-300x300.jpeg 300w, http:\/\/blog.emergesocial.org\/wp-content\/uploads\/2021\/09\/noviolencia2-150x150.jpeg 150w\" sizes=\"(max-width: 512px) 100vw, 512px\" \/><\/figure><\/div>\n\n\n\n<p><strong>4 Mejora el contenido:<\/strong> El siguiente paso es comenzar a darle forma a la campa\u00f1a, crea recursos que te ayuden a explicar de manera eficaz el tema, presentaciones con diapositivas, carteles, recursos web como p\u00e1ginas de internet o redes sociales.<\/p>\n\n\n\n<p><strong>5 Escala niveles: <\/strong>Una vez que tengas material de apoyo busca que tu campa\u00f1a se vuelva m\u00e1s formal, acude al departamento de recursos humanos de tu trabajo, con los directivos de tu escuela o con el l\u00edder de tu grupo de acci\u00f3n. De esta manera creas una campa\u00f1a m\u00e1s s\u00f3lida y formal; llegar\u00e1s a m\u00e1s personas y lograr\u00e1s que otras personas se sumen a tu causa.\u00a0<\/p>\n\n\n\n<p>Esperamos que les sirvan estos consejos para ejecutar una campa\u00f1a contra la violencia. Recuerda que la violencia no es un camino, siempre busca solucionar todo de manera correcta, educada y respetuosa.&nbsp;<\/p>\n\n\n\n<p>Si crean una campa\u00f1a o participan en una que evite la violencia dej\u00e9moslo saber en los comentarios.<\/p>\n","protected":false},"excerpt":{"rendered":"<p>La Organizaci\u00f3n de las Naciones Unidas, ONU, establece el 2 de octubre de cada a\u00f1o como el D\u00eda Internacional de la No Violencia con el fin de crear conciencia sobre las situaciones de violencia que viven a diario muchas personas, grupos sociales y pa\u00edses enteros. Esta fecha fue designada en 2017 por la asamblea de [&hellip;]<\/p>\n","protected":false},"author":1,"featured_media":248,"comment_status":"open","ping_status":"open","sticky":false,"template":"","format":"standard","meta":[],"categories":[1],"tags":[],"_links":{"self":[{"href":"http:\/\/blog.emergesocial.org\/index.php\/wp-json\/wp\/v2\/posts\/247"}],"collection":[{"href":"http:\/\/blog.emergesocial.org\/index.php\/wp-json\/wp\/v2\/posts"}],"about":[{"href":"http:\/\/blog.emergesocial.org\/index.php\/wp-json\/wp\/v2\/types\/post"}],"author":[{"embeddable":true,"href":"http:\/\/blog.emergesocial.org\/index.php\/wp-json\/wp\/v2\/users\/1"}],"replies":[{"embeddable":true,"href":"http:\/\/blog.emergesocial.org\/index.php\/wp-json\/wp\/v2\/comments?post=247"}],"version-history":[{"count":1,"href":"http:\/\/blog.emergesocial.org\/index.php\/wp-json\/wp\/v2\/posts\/247\/revisions"}],"predecessor-version":[{"id":251,"href":"http:\/\/blog.emergesocial.org\/index.php\/wp-json\/wp\/v2\/posts\/247\/revisions\/251"}],"wp:featuredmedia":[{"embeddable":true,"href":"http:\/\/blog.emergesocial.org\/index.php\/wp-json\/wp\/v2\/media\/248"}],"wp:attachment":[{"href":"http:\/\/blog.emergesocial.org\/index.php\/wp-json\/wp\/v2\/media?parent=247"}],"wp:term":[{"taxonomy":"category","embeddable":true,"href":"http:\/\/blog.emergesocial.org\/index.php\/wp-json\/wp\/v2\/categories?post=247"},{"taxonomy":"post_tag","embeddable":true,"href":"http:\/\/blog.emergesocial.org\/index.php\/wp-json\/wp\/v2\/tags?post=247"}],"curies":[{"name":"wp","href":"https:\/\/api.w.org\/{rel}","templated":true}]}}